{"id":1541,"date":"2024-11-02T15:06:00","date_gmt":"2024-11-02T15:06:00","guid":{"rendered":"https:\/\/cartasvivas.org\/margarita-comas-camps\/"},"modified":"2024-11-10T19:59:16","modified_gmt":"2024-11-10T19:59:16","slug":"margarita-comas-camps","status":"publish","type":"post","link":"https:\/\/cartasvivas.org\/en\/margarita-comas-camps\/","title":{"rendered":"Margarita Comas Camps"},"content":{"rendered":"\t\t<div data-elementor-type=\"wp-post\" data-elementor-id=\"1541\" class=\"elementor elementor-1541 elementor-1492\">\n\t\t\t\t\t\t<section class=\"elementor-section elementor-top-section elementor-element elementor-element-28afcd1a elementor-section-full_width elementor-section-height-default elementor-section-height-default\" data-id=\"28afcd1a\" data-element_type=\"section\">\n\t\t\t\t\t\t<div class=\"elementor-container elementor-column-gap-default\">\n\t\t\t\t\t<div class=\"elementor-column elementor-col-100 elementor-top-column elementor-element elementor-element-4c1d7ac8\" data-id=\"4c1d7ac8\" data-element_type=\"column\">\n\t\t\t<div class=\"elementor-widget-wrap elementor-element-populated\">\n\t\t\t\t\t\t<div class=\"elementor-element elementor-element-239dec49 elementor-widget-divider--view-line elementor-widget elementor-widget-divider\" data-id=\"239dec49\" data-element_type=\"widget\" data-widget_type=\"divider.default\">\n\t\t\t\t<div class=\"elementor-widget-container\">\n\t\t\t\t\t\t\t<div class=\"elementor-divider\">\n\t\t\t<span class=\"elementor-divider-separator\">\n\t\t\t\t\t\t<\/span>\n\t\t<\/div>\n\t\t\t\t\t\t<\/div>\n\t\t\t\t<\/div>\n\t\t\t\t<div class=\"elementor-element elementor-element-59a6cc1b elementor-widget elementor-widget-text-editor\" data-id=\"59a6cc1b\" data-element_type=\"widget\" data-widget_type=\"text-editor.default\">\n\t\t\t\t<div class=\"elementor-widget-container\">\n\t\t\t\t\t\t\t\t\t<p><strong>ACTRESS:<\/strong> Maite J\u00e1uregui | <strong>SOURCE:<\/strong> <em>Escritos sobre ciencia, g\u00e9nero y educaci\u00f3n. Ed. by J.M. Bernal Mart\u00ednez<\/em> y <em>F. Comas Rub\u00ed y El m\u00e9todo Mackinder<\/em> | <strong>DIRECCI\u00d3N Y GUI\u00d3N:<\/strong> Nuria Capdevila-Arg\u00fcelles | <strong>PRODUCCI\u00d3N:<\/strong> Isabel Santaf\u00e9, Nuria Capdevila-Arg\u00fcelles | <strong>CASTING:<\/strong> Cervantes Theatre | <strong>DISE\u00d1O ART\u00cdSTICO:<\/strong> Lucy Richards | <strong>VESTUARIO:<\/strong> O.La.La Vintage Wardrobe | <strong>MAQUILLAJE Y PELUQUER\u00cdA:<\/strong> Charo Hairdressing | <strong>POSTPRODUCCI\u00d3N:<\/strong> Luke Hagan, Jonas Hawkins | <strong>SONIDO:<\/strong> Luke Robinson | <strong>REGIDOR DE PLAT\u00d3:<\/strong> Jacob Saul | <strong>C\u00c1MARA:<\/strong> Luke Hagan, Samuel Walker | <strong>MONTAJE:<\/strong> Ashley Thorpe | <strong>FOTOFIJA:<\/strong> Vanessa Miles | <strong>TRADUCCI\u00d3N:<\/strong> Hannah Cole | <strong>VOZ ARROZ CON LECHE:<\/strong> Lisa Campos S\u00e1nchez.<\/p>\n\t\t\t\t\t\t\t\t<\/div>\n\t\t\t\t<\/div>\n\t\t\t\t<div class=\"elementor-element elementor-element-36a2105a elementor-widget-divider--view-line elementor-widget elementor-widget-divider\" data-id=\"36a2105a\" data-element_type=\"widget\" data-widget_type=\"divider.default\">\n\t\t\t\t<div class=\"elementor-widget-container\">\n\t\t\t\t\t\t\t<div class=\"elementor-divider\">\n\t\t\t<span class=\"elementor-divider-separator\">\n\t\t\t\t\t\t<\/span>\n\t\t<\/div>\n\t\t\t\t\t\t<\/div>\n\t\t\t\t<\/div>\n\t\t\t\t\t<\/div>\n\t\t<\/div>\n\t\t\t\t\t<\/div>\n\t\t<\/section>\n\t\t\t\t<\/div>\n\t\t","protected":false},"excerpt":{"rendered":"<p>ACTRESS: Maite J\u00e1uregui | SOURCE: Escritos sobre ciencia, g\u00e9nero y educaci\u00f3n. Ed. by J.M. Bernal Mart\u00ednez y F. Comas Rub\u00ed y El m\u00e9todo Mackinder | DIRECCI\u00d3N Y GUI\u00d3N: Nuria Capdevila-Arg\u00fcelles | PRODUCCI\u00d3N: Isabel Santaf\u00e9, Nuria Capdevila-Arg\u00fcelles | CASTING: Cervantes Theatre | DISE\u00d1O ART\u00cdSTICO: Lucy Richards | VESTUARIO: O.La.La Vintage Wardrobe | MAQUILLAJE Y PELUQUER\u00cdA: Charo [&hellip;]<\/p>\n","protected":false},"author":2,"featured_media":1496,"comment_status":"open","ping_status":"open","sticky":false,"template":"","format":"standard","meta":{"_acf_changed":false,"footnotes":""},"categories":[4],"tags":[],"class_list":["post-1541","post","type-post","status-publish","format-standard","has-post-thumbnail","hentry","category-uncategorized"],"acf":[],"yoast_head":"<!-- This site is optimized with the Yoast SEO plugin v27.5 - https:\/\/yoast.com\/product\/yoast-seo-wordpress\/ -->\n<title>Margarita Comas Camps - Cartasvivas<\/title>\n<meta name=\"description\" content=\"Margarita Comas Camps (Menorca, 1892 \u2013 Devon, Reino Unido 1972) was a great educator. She was awarded a scholarship by the Junta para la Ampliaci\u00f3n de Estudios to come to England, the country which she found herself in when the Civil War broke out and where she lived in exile, defending coeducation and the need for scientific education from childhood. She worked as a teacher at the emblematic Dartington Hall, in the county of Devon and she returned to Menorca with her husband, the photographer and painter Guillem Bestard, during the final years of Francoism.\" \/>\n<meta name=\"robots\" content=\"index, follow, max-snippet:-1, max-image-preview:large, max-video-preview:-1\" \/>\n<link rel=\"canonical\" href=\"https:\/\/cartasvivas.org\/en\/margarita-comas-camps\/\" \/>\n<meta property=\"og:locale\" content=\"en_US\" \/>\n<meta property=\"og:type\" content=\"article\" \/>\n<meta property=\"og:title\" content=\"Margarita Comas Camps - Cartasvivas\" \/>\n<meta property=\"og:description\" content=\"Margarita Comas Camps (Menorca, 1892 \u2013 Devon, Reino Unido 1972) was a great educator. She was awarded a scholarship by the Junta para la Ampliaci\u00f3n de Estudios to come to England, the country which she found herself in when the Civil War broke out and where she lived in exile, defending coeducation and the need for scientific education from childhood. She worked as a teacher at the emblematic Dartington Hall, in the county of Devon and she returned to Menorca with her husband, the photographer and painter Guillem Bestard, during the final years of Francoism.\" \/>\n<meta property=\"og:url\" content=\"https:\/\/cartasvivas.org\/en\/margarita-comas-camps\/\" \/>\n<meta property=\"og:site_name\" content=\"Cartasvivas\" \/>\n<meta property=\"article:published_time\" content=\"2024-11-02T15:06:00+00:00\" \/>\n<meta property=\"article:modified_time\" content=\"2024-11-10T19:59:16+00:00\" \/>\n<meta property=\"og:image\" content=\"https:\/\/cartasvivas.org\/wp-content\/uploads\/2023\/08\/ComasCamps_ok-1.jpg\" \/>\n\t<meta property=\"og:image:width\" content=\"1200\" \/>\n\t<meta property=\"og:image:height\" content=\"727\" \/>\n\t<meta property=\"og:image:type\" content=\"image\/jpeg\" \/>\n<meta name=\"author\" content=\"mariabeltran\" \/>\n<meta name=\"twitter:card\" content=\"summary_large_image\" \/>\n<meta name=\"twitter:label1\" content=\"Written by\" \/>\n\t<meta name=\"twitter:data1\" content=\"mariabeltran\" \/>\n\t<meta name=\"twitter:label2\" content=\"Est. reading time\" \/>\n\t<meta name=\"twitter:data2\" content=\"1 minute\" \/>\n<script type=\"application\/ld+json\" class=\"yoast-schema-graph\">{\"@context\":\"https:\\\/\\\/schema.org\",\"@graph\":[{\"@type\":\"Article\",\"@id\":\"https:\\\/\\\/cartasvivas.org\\\/en\\\/margarita-comas-camps\\\/#article\",\"isPartOf\":{\"@id\":\"https:\\\/\\\/cartasvivas.org\\\/en\\\/margarita-comas-camps\\\/\"},\"author\":{\"name\":\"mariabeltran\",\"@id\":\"https:\\\/\\\/cartasvivas.org\\\/en\\\/#\\\/schema\\\/person\\\/c6ae4c041f7824454345c05986629232\"},\"headline\":\"Margarita Comas Camps\",\"datePublished\":\"2024-11-02T15:06:00+00:00\",\"dateModified\":\"2024-11-10T19:59:16+00:00\",\"mainEntityOfPage\":{\"@id\":\"https:\\\/\\\/cartasvivas.org\\\/en\\\/margarita-comas-camps\\\/\"},\"wordCount\":106,\"commentCount\":0,\"image\":{\"@id\":\"https:\\\/\\\/cartasvivas.org\\\/en\\\/margarita-comas-camps\\\/#primaryimage\"},\"thumbnailUrl\":\"https:\\\/\\\/cartasvivas.org\\\/wp-content\\\/uploads\\\/2023\\\/08\\\/ComasCamps_ok-1.jpg\",\"inLanguage\":\"en-US\",\"potentialAction\":[{\"@type\":\"CommentAction\",\"name\":\"Comment\",\"target\":[\"https:\\\/\\\/cartasvivas.org\\\/en\\\/margarita-comas-camps\\\/#respond\"]}]},{\"@type\":\"WebPage\",\"@id\":\"https:\\\/\\\/cartasvivas.org\\\/en\\\/margarita-comas-camps\\\/\",\"url\":\"https:\\\/\\\/cartasvivas.org\\\/en\\\/margarita-comas-camps\\\/\",\"name\":\"Margarita Comas Camps - Cartasvivas\",\"isPartOf\":{\"@id\":\"https:\\\/\\\/cartasvivas.org\\\/en\\\/#website\"},\"primaryImageOfPage\":{\"@id\":\"https:\\\/\\\/cartasvivas.org\\\/en\\\/margarita-comas-camps\\\/#primaryimage\"},\"image\":{\"@id\":\"https:\\\/\\\/cartasvivas.org\\\/en\\\/margarita-comas-camps\\\/#primaryimage\"},\"thumbnailUrl\":\"https:\\\/\\\/cartasvivas.org\\\/wp-content\\\/uploads\\\/2023\\\/08\\\/ComasCamps_ok-1.jpg\",\"datePublished\":\"2024-11-02T15:06:00+00:00\",\"dateModified\":\"2024-11-10T19:59:16+00:00\",\"author\":{\"@id\":\"https:\\\/\\\/cartasvivas.org\\\/en\\\/#\\\/schema\\\/person\\\/c6ae4c041f7824454345c05986629232\"},\"description\":\"Margarita Comas Camps (Menorca, 1892 \u2013 Devon, Reino Unido 1972) was a great educator. She was awarded a scholarship by the Junta para la Ampliaci\u00f3n de Estudios to come to England, the country which she found herself in when the Civil War broke out and where she lived in exile, defending coeducation and the need for scientific education from childhood. She worked as a teacher at the emblematic Dartington Hall, in the county of Devon and she returned to Menorca with her husband, the photographer and painter Guillem Bestard, during the final years of Francoism.\",\"breadcrumb\":{\"@id\":\"https:\\\/\\\/cartasvivas.org\\\/en\\\/margarita-comas-camps\\\/#breadcrumb\"},\"inLanguage\":\"en-US\",\"potentialAction\":[{\"@type\":\"ReadAction\",\"target\":[\"https:\\\/\\\/cartasvivas.org\\\/en\\\/margarita-comas-camps\\\/\"]}]},{\"@type\":\"ImageObject\",\"inLanguage\":\"en-US\",\"@id\":\"https:\\\/\\\/cartasvivas.org\\\/en\\\/margarita-comas-camps\\\/#primaryimage\",\"url\":\"https:\\\/\\\/cartasvivas.org\\\/wp-content\\\/uploads\\\/2023\\\/08\\\/ComasCamps_ok-1.jpg\",\"contentUrl\":\"https:\\\/\\\/cartasvivas.org\\\/wp-content\\\/uploads\\\/2023\\\/08\\\/ComasCamps_ok-1.jpg\",\"width\":1200,\"height\":727},{\"@type\":\"BreadcrumbList\",\"@id\":\"https:\\\/\\\/cartasvivas.org\\\/en\\\/margarita-comas-camps\\\/#breadcrumb\",\"itemListElement\":[{\"@type\":\"ListItem\",\"position\":1,\"name\":\"Portada\",\"item\":\"https:\\\/\\\/cartasvivas.org\\\/en\\\/\"},{\"@type\":\"ListItem\",\"position\":2,\"name\":\"Margarita Comas Camps\"}]},{\"@type\":\"WebSite\",\"@id\":\"https:\\\/\\\/cartasvivas.org\\\/en\\\/#website\",\"url\":\"https:\\\/\\\/cartasvivas.org\\\/en\\\/\",\"name\":\"Cartasvivas\",\"description\":\"Testimonios de mujer y vanguardia: Bibliotecaudiovisual\",\"potentialAction\":[{\"@type\":\"SearchAction\",\"target\":{\"@type\":\"EntryPoint\",\"urlTemplate\":\"https:\\\/\\\/cartasvivas.org\\\/en\\\/?s={search_term_string}\"},\"query-input\":{\"@type\":\"PropertyValueSpecification\",\"valueRequired\":true,\"valueName\":\"search_term_string\"}}],\"inLanguage\":\"en-US\"},{\"@type\":\"Person\",\"@id\":\"https:\\\/\\\/cartasvivas.org\\\/en\\\/#\\\/schema\\\/person\\\/c6ae4c041f7824454345c05986629232\",\"name\":\"mariabeltran\",\"image\":{\"@type\":\"ImageObject\",\"inLanguage\":\"en-US\",\"@id\":\"https:\\\/\\\/secure.gravatar.com\\\/avatar\\\/e5b1ba74a4d5916536789c80dffd6cf701a62e43b18e1676121f7cf321dac3c8?s=96&d=mm&r=g\",\"url\":\"https:\\\/\\\/secure.gravatar.com\\\/avatar\\\/e5b1ba74a4d5916536789c80dffd6cf701a62e43b18e1676121f7cf321dac3c8?s=96&d=mm&r=g\",\"contentUrl\":\"https:\\\/\\\/secure.gravatar.com\\\/avatar\\\/e5b1ba74a4d5916536789c80dffd6cf701a62e43b18e1676121f7cf321dac3c8?s=96&d=mm&r=g\",\"caption\":\"mariabeltran\"},\"url\":\"https:\\\/\\\/cartasvivas.org\\\/en\\\/author\\\/mariabeltran\\\/\"}]}<\/script>\n<!-- \/ Yoast SEO plugin. -->","yoast_head_json":{"title":"Margarita Comas Camps - Cartasvivas","description":"Margarita Comas Camps (Menorca, 1892 \u2013 Devon, Reino Unido 1972) was a great educator. She was awarded a scholarship by the Junta para la Ampliaci\u00f3n de Estudios to come to England, the country which she found herself in when the Civil War broke out and where she lived in exile, defending coeducation and the need for scientific education from childhood. She worked as a teacher at the emblematic Dartington Hall, in the county of Devon and she returned to Menorca with her husband, the photographer and painter Guillem Bestard, during the final years of Francoism.","robots":{"index":"index","follow":"follow","max-snippet":"max-snippet:-1","max-image-preview":"max-image-preview:large","max-video-preview":"max-video-preview:-1"},"canonical":"https:\/\/cartasvivas.org\/en\/margarita-comas-camps\/","og_locale":"en_US","og_type":"article","og_title":"Margarita Comas Camps - Cartasvivas","og_description":"Margarita Comas Camps (Menorca, 1892 \u2013 Devon, Reino Unido 1972) was a great educator. She was awarded a scholarship by the Junta para la Ampliaci\u00f3n de Estudios to come to England, the country which she found herself in when the Civil War broke out and where she lived in exile, defending coeducation and the need for scientific education from childhood. She worked as a teacher at the emblematic Dartington Hall, in the county of Devon and she returned to Menorca with her husband, the photographer and painter Guillem Bestard, during the final years of Francoism.","og_url":"https:\/\/cartasvivas.org\/en\/margarita-comas-camps\/","og_site_name":"Cartasvivas","article_published_time":"2024-11-02T15:06:00+00:00","article_modified_time":"2024-11-10T19:59:16+00:00","og_image":[{"width":1200,"height":727,"url":"https:\/\/cartasvivas.org\/wp-content\/uploads\/2023\/08\/ComasCamps_ok-1.jpg","type":"image\/jpeg"}],"author":"mariabeltran","twitter_card":"summary_large_image","twitter_misc":{"Written by":"mariabeltran","Est. reading time":"1 minute"},"schema":{"@context":"https:\/\/schema.org","@graph":[{"@type":"Article","@id":"https:\/\/cartasvivas.org\/en\/margarita-comas-camps\/#article","isPartOf":{"@id":"https:\/\/cartasvivas.org\/en\/margarita-comas-camps\/"},"author":{"name":"mariabeltran","@id":"https:\/\/cartasvivas.org\/en\/#\/schema\/person\/c6ae4c041f7824454345c05986629232"},"headline":"Margarita Comas Camps","datePublished":"2024-11-02T15:06:00+00:00","dateModified":"2024-11-10T19:59:16+00:00","mainEntityOfPage":{"@id":"https:\/\/cartasvivas.org\/en\/margarita-comas-camps\/"},"wordCount":106,"commentCount":0,"image":{"@id":"https:\/\/cartasvivas.org\/en\/margarita-comas-camps\/#primaryimage"},"thumbnailUrl":"https:\/\/cartasvivas.org\/wp-content\/uploads\/2023\/08\/ComasCamps_ok-1.jpg","inLanguage":"en-US","potentialAction":[{"@type":"CommentAction","name":"Comment","target":["https:\/\/cartasvivas.org\/en\/margarita-comas-camps\/#respond"]}]},{"@type":"WebPage","@id":"https:\/\/cartasvivas.org\/en\/margarita-comas-camps\/","url":"https:\/\/cartasvivas.org\/en\/margarita-comas-camps\/","name":"Margarita Comas Camps - Cartasvivas","isPartOf":{"@id":"https:\/\/cartasvivas.org\/en\/#website"},"primaryImageOfPage":{"@id":"https:\/\/cartasvivas.org\/en\/margarita-comas-camps\/#primaryimage"},"image":{"@id":"https:\/\/cartasvivas.org\/en\/margarita-comas-camps\/#primaryimage"},"thumbnailUrl":"https:\/\/cartasvivas.org\/wp-content\/uploads\/2023\/08\/ComasCamps_ok-1.jpg","datePublished":"2024-11-02T15:06:00+00:00","dateModified":"2024-11-10T19:59:16+00:00","author":{"@id":"https:\/\/cartasvivas.org\/en\/#\/schema\/person\/c6ae4c041f7824454345c05986629232"},"description":"Margarita Comas Camps (Menorca, 1892 \u2013 Devon, Reino Unido 1972) was a great educator. She was awarded a scholarship by the Junta para la Ampliaci\u00f3n de Estudios to come to England, the country which she found herself in when the Civil War broke out and where she lived in exile, defending coeducation and the need for scientific education from childhood. She worked as a teacher at the emblematic Dartington Hall, in the county of Devon and she returned to Menorca with her husband, the photographer and painter Guillem Bestard, during the final years of Francoism.","breadcrumb":{"@id":"https:\/\/cartasvivas.org\/en\/margarita-comas-camps\/#breadcrumb"},"inLanguage":"en-US","potentialAction":[{"@type":"ReadAction","target":["https:\/\/cartasvivas.org\/en\/margarita-comas-camps\/"]}]},{"@type":"ImageObject","inLanguage":"en-US","@id":"https:\/\/cartasvivas.org\/en\/margarita-comas-camps\/#primaryimage","url":"https:\/\/cartasvivas.org\/wp-content\/uploads\/2023\/08\/ComasCamps_ok-1.jpg","contentUrl":"https:\/\/cartasvivas.org\/wp-content\/uploads\/2023\/08\/ComasCamps_ok-1.jpg","width":1200,"height":727},{"@type":"BreadcrumbList","@id":"https:\/\/cartasvivas.org\/en\/margarita-comas-camps\/#breadcrumb","itemListElement":[{"@type":"ListItem","position":1,"name":"Portada","item":"https:\/\/cartasvivas.org\/en\/"},{"@type":"ListItem","position":2,"name":"Margarita Comas Camps"}]},{"@type":"WebSite","@id":"https:\/\/cartasvivas.org\/en\/#website","url":"https:\/\/cartasvivas.org\/en\/","name":"Cartasvivas","description":"Testimonios de mujer y vanguardia: Bibliotecaudiovisual","potentialAction":[{"@type":"SearchAction","target":{"@type":"EntryPoint","urlTemplate":"https:\/\/cartasvivas.org\/en\/?s={search_term_string}"},"query-input":{"@type":"PropertyValueSpecification","valueRequired":true,"valueName":"search_term_string"}}],"inLanguage":"en-US"},{"@type":"Person","@id":"https:\/\/cartasvivas.org\/en\/#\/schema\/person\/c6ae4c041f7824454345c05986629232","name":"mariabeltran","image":{"@type":"ImageObject","inLanguage":"en-US","@id":"https:\/\/secure.gravatar.com\/avatar\/e5b1ba74a4d5916536789c80dffd6cf701a62e43b18e1676121f7cf321dac3c8?s=96&d=mm&r=g","url":"https:\/\/secure.gravatar.com\/avatar\/e5b1ba74a4d5916536789c80dffd6cf701a62e43b18e1676121f7cf321dac3c8?s=96&d=mm&r=g","contentUrl":"https:\/\/secure.gravatar.com\/avatar\/e5b1ba74a4d5916536789c80dffd6cf701a62e43b18e1676121f7cf321dac3c8?s=96&d=mm&r=g","caption":"mariabeltran"},"url":"https:\/\/cartasvivas.org\/en\/author\/mariabeltran\/"}]}},"_links":{"self":[{"href":"https:\/\/cartasvivas.org\/en\/wp-json\/wp\/v2\/posts\/1541","targetHints":{"allow":["GET"]}}],"collection":[{"href":"https:\/\/cartasvivas.org\/en\/wp-json\/wp\/v2\/posts"}],"about":[{"href":"https:\/\/cartasvivas.org\/en\/wp-json\/wp\/v2\/types\/post"}],"author":[{"embeddable":true,"href":"https:\/\/cartasvivas.org\/en\/wp-json\/wp\/v2\/users\/2"}],"replies":[{"embeddable":true,"href":"https:\/\/cartasvivas.org\/en\/wp-json\/wp\/v2\/comments?post=1541"}],"version-history":[{"count":2,"href":"https:\/\/cartasvivas.org\/en\/wp-json\/wp\/v2\/posts\/1541\/revisions"}],"predecessor-version":[{"id":1649,"href":"https:\/\/cartasvivas.org\/en\/wp-json\/wp\/v2\/posts\/1541\/revisions\/1649"}],"wp:featuredmedia":[{"embeddable":true,"href":"https:\/\/cartasvivas.org\/en\/wp-json\/wp\/v2\/media\/1496"}],"wp:attachment":[{"href":"https:\/\/cartasvivas.org\/en\/wp-json\/wp\/v2\/media?parent=1541"}],"wp:term":[{"taxonomy":"category","embeddable":true,"href":"https:\/\/cartasvivas.org\/en\/wp-json\/wp\/v2\/categories?post=1541"},{"taxonomy":"post_tag","embeddable":true,"href":"https:\/\/cartasvivas.org\/en\/wp-json\/wp\/v2\/tags?post=1541"}],"curies":[{"name":"wp","href":"https:\/\/api.w.org\/{rel}","templated":true}]}}